{"id":8493,"date":"2025-12-11T10:00:00","date_gmt":"2025-12-11T10:00:00","guid":{"rendered":"https:\/\/lusnic.org\/?p=8493"},"modified":"2026-01-29T13:58:07","modified_gmt":"2026-01-29T13:58:07","slug":"lusnic-apoia-protocolo-de-cooperacao-digital-entre-cabo-verde-e-o-muda","status":"publish","type":"post","link":"https:\/\/lusnic.org\/en\/lusnic-apoia-protocolo-de-cooperacao-digital-entre-cabo-verde-e-o-muda\/","title":{"rendered":"LusNIC supports digital cooperation protocol between Cape Verde and MUDA\u00a0"},"content":{"rendered":"<div style=\"height:20px\" aria-hidden=\"true\" class=\"wp-block-spacer\"><\/div>\n\n\n\n<p>A cooperation protocol was signed at the .PT headquarters between the Government of Cape Verde and MUDA \u2013 Movement for Active Digital Use, in a ceremony attended by the Secretary of State for the Digital Economy of Cape Verde, Pedro Lopes.&nbsp;<\/p>\n\n\n\n<p>LusNIC has joined this initiative, which represents another step in strengthening digital cooperation between Portuguese-speaking countries, focusing on the development of digital skills, inclusion, and the promotion of sustainable digital transformation.&nbsp;<\/p>\n\n\n\n<p>The protocol establishes a set of actions aimed at strengthening the Cape Verdean digital ecosystem, including:&nbsp;<\/p>\n\n\n\n<p>Digital training programs for young entrepreneurs, integrating artificial intelligence tools applied to the business context.&nbsp;<\/p>\n\n\n\n<p>Adapting digital literacy programs already implemented in Portugal to the local context, promoting the transfer of knowledge and best practices.&nbsp;<\/p>\n\n\n\n<p>Holding of the seminar \u201cSmart Nations \u2013 Sustainable Digital Transformation for the Lusophone World\u201d, at the Cape Verde Technology Park.&nbsp;<\/p>\n\n\n\n<p>Strengthening Portuguese-speaking cooperation in digital transformation and digital inclusion.&nbsp;<\/p>\n\n\n\n<p>With this support, LusNIC reaffirms its commitment to actively contributing to initiatives that promote capacity building, collaboration, and sustainable development in the Portuguese-speaking digital ecosystem, particularly in Portuguese-speaking African countries.&nbsp;<\/p>","protected":false},"excerpt":{"rendered":"<p>Foi assinado, na sede do .PT, um protocolo de coopera\u00e7\u00e3o entre o Governo de Cabo Verde e o MUDA \u2013 Movimento pela Utiliza\u00e7\u00e3o Digital Ativa, numa cerim\u00f3nia que contou com a presen\u00e7a do Secret\u00e1rio de Estado da Economia Digital de Cabo Verde, Pedro Lopes.&nbsp; A&nbsp;LusNIC&nbsp;associou-se a esta iniciativa, que representa mais um passo no refor\u00e7o [&hellip;]<\/p>\n","protected":false},"author":2,"featured_media":8494,"comment_status":"closed","ping_status":"open","sticky":false,"template":"","format":"standard","meta":{"site-sidebar-layout":"default","site-content-layout":null,"ast-site-content-layout":"default","site-content-style":"default","site-sidebar-style":"default","ast-global-header-display":"","ast-banner-title-visibility":"","ast-main-header-display":"","ast-hfb-above-header-display":null,"ast-hfb-below-header-display":null,"ast-hfb-mobile-header-display":"","site-post-title":"","ast-breadcrumbs-content":null,"ast-featured-img":"","footer-sml-layout":"","ast-disable-related-posts":"","theme-transparent-header-meta":"","adv-header-id-meta":null,"stick-header-meta":null,"header-above-stick-meta":null,"header-main-stick-meta":null,"header-below-stick-meta":null,"astra-migrate-meta-layouts":"set","ast-page-background-enabled":"default","ast-page-background-meta":{"desktop":{"background-color":"var(--ast-global-color-4)","background-image":"","background-repeat":"repeat","background-position":"center center","background-size":"auto","background-attachment":"scroll","background-type":"","background-media":"","overlay-type":"","overlay-color":"","overlay-opacity":"","overlay-gradient":""},"tablet":{"background-color":"","background-image":"","background-repeat":"repeat","background-position":"center center","background-size":"auto","background-attachment":"scroll","background-type":"","background-media":"","overlay-type":"","overlay-color":"","overlay-opacity":"","overlay-gradient":""},"mobile":{"background-color":"","background-image":"","background-repeat":"repeat","background-position":"center center","background-size":"auto","background-attachment":"scroll","background-type":"","background-media":"","overlay-type":"","overlay-color":"","overlay-opacity":"","overlay-gradient":""}},"ast-content-background-meta":{"desktop":{"background-color":"var(--ast-global-color-5)","background-image":"","background-repeat":"repeat","background-position":"center center","background-size":"auto","background-attachment":"scroll","background-type":"","background-media":"","overlay-type":"","overlay-color":"","overlay-opacity":"","overlay-gradient":""},"tablet":{"background-color":"var(--ast-global-color-5)","background-image":"","background-repeat":"repeat","background-position":"center center","background-size":"auto","background-attachment":"scroll","background-type":"","background-media":"","overlay-type":"","overlay-color":"","overlay-opacity":"","overlay-gradient":""},"mobile":{"background-color":"var(--ast-global-color-5)","background-image":"","background-repeat":"repeat","background-position":"center center","background-size":"auto","background-attachment":"scroll","background-type":"","background-media":"","overlay-type":"","overlay-color":"","overlay-opacity":"","overlay-gradient":""}},"footnotes":""},"categories":[1],"tags":[],"class_list":["post-8493","post","type-post","status-publish","format-standard","has-post-thumbnail","hentry","category-uncategorized"],"_links":{"self":[{"href":"https:\/\/lusnic.org\/en\/wp-json\/wp\/v2\/posts\/8493","targetHints":{"allow":["GET"]}}],"collection":[{"href":"https:\/\/lusnic.org\/en\/wp-json\/wp\/v2\/posts"}],"about":[{"href":"https:\/\/lusnic.org\/en\/wp-json\/wp\/v2\/types\/post"}],"author":[{"embeddable":true,"href":"https:\/\/lusnic.org\/en\/wp-json\/wp\/v2\/users\/2"}],"replies":[{"embeddable":true,"href":"https:\/\/lusnic.org\/en\/wp-json\/wp\/v2\/comments?post=8493"}],"version-history":[{"count":1,"href":"https:\/\/lusnic.org\/en\/wp-json\/wp\/v2\/posts\/8493\/revisions"}],"predecessor-version":[{"id":8495,"href":"https:\/\/lusnic.org\/en\/wp-json\/wp\/v2\/posts\/8493\/revisions\/8495"}],"wp:featuredmedia":[{"embeddable":true,"href":"https:\/\/lusnic.org\/en\/wp-json\/wp\/v2\/media\/8494"}],"wp:attachment":[{"href":"https:\/\/lusnic.org\/en\/wp-json\/wp\/v2\/media?parent=8493"}],"wp:term":[{"taxonomy":"category","embeddable":true,"href":"https:\/\/lusnic.org\/en\/wp-json\/wp\/v2\/categories?post=8493"},{"taxonomy":"post_tag","embeddable":true,"href":"https:\/\/lusnic.org\/en\/wp-json\/wp\/v2\/tags?post=8493"}],"curies":[{"name":"wp","href":"https:\/\/api.w.org\/{rel}","templated":true}]}}