{"id":8493,"date":"2025-12-11T10:00:00","date_gmt":"2025-12-11T10:00:00","guid":{"rendered":"https:\/\/lusnic.org\/?p=8493"},"modified":"2026-01-29T13:58:07","modified_gmt":"2026-01-29T13:58:07","slug":"lusnic-apoia-protocolo-de-cooperacao-digital-entre-cabo-verde-e-o-muda","status":"publish","type":"post","link":"https:\/\/lusnic.org\/pt\/lusnic-apoia-protocolo-de-cooperacao-digital-entre-cabo-verde-e-o-muda\/","title":{"rendered":"LusNIC\u00a0apoia protocolo de coopera\u00e7\u00e3o digital entre Cabo Verde e o MUDA\u00a0"},"content":{"rendered":"\n<div style=\"height:20px\" aria-hidden=\"true\" class=\"wp-block-spacer\"><\/div>\n\n\n\n<p>Foi assinado, na sede do .PT, um protocolo de coopera\u00e7\u00e3o entre o Governo de Cabo Verde e o MUDA \u2013 Movimento pela Utiliza\u00e7\u00e3o Digital Ativa, numa cerim\u00f3nia que contou com a presen\u00e7a do Secret\u00e1rio de Estado da Economia Digital de Cabo Verde, Pedro Lopes.&nbsp;<\/p>\n\n\n\n<p>A&nbsp;LusNIC&nbsp;associou-se a esta iniciativa, que representa mais um passo no refor\u00e7o da coopera\u00e7\u00e3o digital entre pa\u00edses de l\u00edngua portuguesa, com foco no desenvolvimento de compet\u00eancias digitais, na inclus\u00e3o e na promo\u00e7\u00e3o de uma transforma\u00e7\u00e3o digital sustent\u00e1vel.&nbsp;<\/p>\n\n\n\n<p>O protocolo estabelece um conjunto de a\u00e7\u00f5es orientadas para o fortalecimento do ecossistema digital cabo-verdiano, incluindo:&nbsp;<\/p>\n\n\n\n<p>Programas de capacita\u00e7\u00e3o digital para jovens empreendedores, com integra\u00e7\u00e3o de ferramentas de intelig\u00eancia artificial aplicadas ao contexto empresarial.&nbsp;<\/p>\n\n\n\n<p>Adapta\u00e7\u00e3o ao contexto local de programas de literacia digital j\u00e1 implementados em Portugal, promovendo a transfer\u00eancia de conhecimento e de boas pr\u00e1ticas.&nbsp;<\/p>\n\n\n\n<p>Realiza\u00e7\u00e3o do semin\u00e1rio \u201cNa\u00e7\u00f5es Inteligentes \u2013 Transforma\u00e7\u00e3o Digital Sustent\u00e1vel para a Lusofonia\u201d, no Parque Tecnol\u00f3gico de Cabo Verde.&nbsp;<\/p>\n\n\n\n<p>Refor\u00e7o da coopera\u00e7\u00e3o lus\u00f3fona em mat\u00e9ria de transforma\u00e7\u00e3o digital e inclus\u00e3o digital.&nbsp;<\/p>\n\n\n\n<p>Com este apoio, a&nbsp;LusNIC&nbsp;reafirma o seu compromisso em contribuir ativamente para iniciativas que promovam capacita\u00e7\u00e3o, colabora\u00e7\u00e3o e desenvolvimento sustent\u00e1vel no ecossistema digital lus\u00f3fono, em particular nos pa\u00edses africanos de l\u00edngua portuguesa.&nbsp;<\/p>\n","protected":false},"excerpt":{"rendered":"<p>Foi assinado, na sede do .PT, um protocolo de coopera\u00e7\u00e3o entre o Governo de Cabo Verde e o MUDA \u2013 Movimento pela Utiliza\u00e7\u00e3o Digital Ativa, numa cerim\u00f3nia que contou com a presen\u00e7a do Secret\u00e1rio de Estado da Economia Digital de Cabo Verde, Pedro Lopes.&nbsp; A&nbsp;LusNIC&nbsp;associou-se a esta iniciativa, que representa mais um passo no refor\u00e7o [&hellip;]<\/p>\n","protected":false},"author":2,"featured_media":8494,"comment_status":"closed","ping_status":"open","sticky":false,"template":"","format":"standard","meta":{"site-sidebar-layout":"default","site-content-layout":null,"ast-site-content-layout":"default","site-content-style":"default","site-sidebar-style":"default","ast-global-header-display":"","ast-banner-title-visibility":"","ast-main-header-display":"","ast-hfb-above-header-display":null,"ast-hfb-below-header-display":null,"ast-hfb-mobile-header-display":"","site-post-title":"","ast-breadcrumbs-content":null,"ast-featured-img":"","footer-sml-layout":"","ast-disable-related-posts":"","theme-transparent-header-meta":"","adv-header-id-meta":null,"stick-header-meta":null,"header-above-stick-meta":null,"header-main-stick-meta":null,"header-below-stick-meta":null,"astra-migrate-meta-layouts":"set","ast-page-background-enabled":"default","ast-page-background-meta":{"desktop":{"background-color":"var(--ast-global-color-4)","background-image":"","background-repeat":"repeat","background-position":"center center","background-size":"auto","background-attachment":"scroll","background-type":"","background-media":"","overlay-type":"","overlay-color":"","overlay-opacity":"","overlay-gradient":""},"tablet":{"background-color":"","background-image":"","background-repeat":"repeat","background-position":"center center","background-size":"auto","background-attachment":"scroll","background-type":"","background-media":"","overlay-type":"","overlay-color":"","overlay-opacity":"","overlay-gradient":""},"mobile":{"background-color":"","background-image":"","background-repeat":"repeat","background-position":"center center","background-size":"auto","background-attachment":"scroll","background-type":"","background-media":"","overlay-type":"","overlay-color":"","overlay-opacity":"","overlay-gradient":""}},"ast-content-background-meta":{"desktop":{"background-color":"var(--ast-global-color-5)","background-image":"","background-repeat":"repeat","background-position":"center center","background-size":"auto","background-attachment":"scroll","background-type":"","background-media":"","overlay-type":"","overlay-color":"","overlay-opacity":"","overlay-gradient":""},"tablet":{"background-color":"var(--ast-global-color-5)","background-image":"","background-repeat":"repeat","background-position":"center center","background-size":"auto","background-attachment":"scroll","background-type":"","background-media":"","overlay-type":"","overlay-color":"","overlay-opacity":"","overlay-gradient":""},"mobile":{"background-color":"var(--ast-global-color-5)","background-image":"","background-repeat":"repeat","background-position":"center center","background-size":"auto","background-attachment":"scroll","background-type":"","background-media":"","overlay-type":"","overlay-color":"","overlay-opacity":"","overlay-gradient":""}},"footnotes":""},"categories":[1],"tags":[],"class_list":["post-8493","post","type-post","status-publish","format-standard","has-post-thumbnail","hentry","category-uncategorized"],"_links":{"self":[{"href":"https:\/\/lusnic.org\/pt\/wp-json\/wp\/v2\/posts\/8493","targetHints":{"allow":["GET"]}}],"collection":[{"href":"https:\/\/lusnic.org\/pt\/wp-json\/wp\/v2\/posts"}],"about":[{"href":"https:\/\/lusnic.org\/pt\/wp-json\/wp\/v2\/types\/post"}],"author":[{"embeddable":true,"href":"https:\/\/lusnic.org\/pt\/wp-json\/wp\/v2\/users\/2"}],"replies":[{"embeddable":true,"href":"https:\/\/lusnic.org\/pt\/wp-json\/wp\/v2\/comments?post=8493"}],"version-history":[{"count":1,"href":"https:\/\/lusnic.org\/pt\/wp-json\/wp\/v2\/posts\/8493\/revisions"}],"predecessor-version":[{"id":8495,"href":"https:\/\/lusnic.org\/pt\/wp-json\/wp\/v2\/posts\/8493\/revisions\/8495"}],"wp:featuredmedia":[{"embeddable":true,"href":"https:\/\/lusnic.org\/pt\/wp-json\/wp\/v2\/media\/8494"}],"wp:attachment":[{"href":"https:\/\/lusnic.org\/pt\/wp-json\/wp\/v2\/media?parent=8493"}],"wp:term":[{"taxonomy":"category","embeddable":true,"href":"https:\/\/lusnic.org\/pt\/wp-json\/wp\/v2\/categories?post=8493"},{"taxonomy":"post_tag","embeddable":true,"href":"https:\/\/lusnic.org\/pt\/wp-json\/wp\/v2\/tags?post=8493"}],"curies":[{"name":"wp","href":"https:\/\/api.w.org\/{rel}","templated":true}]}}